{"id":1234,"date":"2024-04-28T00:56:19","date_gmt":"2024-04-28T03:56:19","guid":{"rendered":"https:\/\/humanitat.com.br\/?p=1234"},"modified":"2024-08-14T15:32:46","modified_gmt":"2024-08-14T18:32:46","slug":"curta-metragem-infantil-sobre-fritz-muller","status":"publish","type":"post","link":"https:\/\/humanitat.com.br\/pb\/curta-metragem-infantil-sobre-fritz-muller\/","title":{"rendered":"Curta-metragem infantil sobre Fritz M\u00fcller"},"content":{"rendered":"<p><b>Curta-metragem infantil sobre Fritz M\u00fcller est\u00e1 dispon\u00edvel online<\/b><\/p>\n<p><b>&#8220;O Pr\u00edncipe dos Observadores: A Aventura Cient\u00edfica de Fritz M\u00fcller em Rancho Queimado&#8221;<\/b><span style=\"font-weight: 400;\"> aborda a passagem do renomado naturalista pelo munic\u00edpio<\/span><\/p>\n<p><strong><a href=\"https:\/\/humanitat.com.br\/en\/curta-metragem-infantil-sobre-fritz-muller\/\">CLICK HERE<\/a><\/strong> for English version<\/p>\n<p><span style=\"font-weight: 400;\">Youtube: <a href=\"https:\/\/youtu.be\/T8qHQxKrieM\" target=\"_blank\" rel=\"noopener\"><strong>https:\/\/youtu.be\/T8qHQxKrieM<\/strong><\/a><\/span><\/p>\n<p>Vers\u00f5es acess\u00edveis:<br \/>\nLIBRAS e Legendas LSE: <a href=\"https:\/\/youtu.be\/hpc8btaAFow\" target=\"_blank\" rel=\"noopener\"><strong>https:\/\/youtu.be\/hpc8btaAFow<\/strong><\/a><br \/>\nAudiodescri\u00e7\u00e3o: <strong><a href=\"https:\/\/youtu.be\/i8ZoDuXzQOM\" target=\"_blank\" rel=\"noopener\">https:\/\/youtu.be\/i8ZoDuXzQOM<\/a><\/strong><\/p>\n<p>Clique <strong><a href=\"https:\/\/drive.google.com\/drive\/folders\/1U5Sy6uQUFXYiD6wTIq0UcncHlgs5WTi1?usp=sharing\" target=\"_blank\" rel=\"noopener\">AQUI<\/a><\/strong> para acessar pasta para download do filme em HD.<\/p>\n<p><iframe loading=\"lazy\" title=\"O Pr\u00edncipe dos Observadores: A Aventura Cient\u00edfica de Fritz M\u00fcller em Rancho Queimado\" width=\"680\" height=\"383\" src=\"https:\/\/www.youtube.com\/embed\/T8qHQxKrieM?feature=oembed\" frameborder=\"0\" allow=\"accelerometer; autoplay; clipboard-write; encrypted-media; gyroscope; picture-in-picture; web-share\" referrerpolicy=\"strict-origin-when-cross-origin\" allowfullscreen><\/iframe><\/p>\n<p><em>O v\u00eddeo \u00e9 gratuito e pode ser compartilhado e utilizado em apresenta\u00e7\u00f5es, proje\u00e7\u00f5es, websites e redes sociais (para uso n\u00e3o-comercial) \u2013 mas sempre dever\u00e1 atribuir os cr\u00e9ditos e citar que foi realizado com recursos da Lei Paulo Gustavo.<\/em><\/p>\n<p><span style=\"font-weight: 400;\">Crian\u00e7as v\u00e3o aprender de maneira simples e divertida a hist\u00f3ria da expedi\u00e7\u00e3o cient\u00edfica de Fritz M\u00fcller pelo munic\u00edpio. A partir deste m\u00eas passa a ser disponibilizado o curta-metragem com bonecos de marionetes &#8220;O Pr\u00edncipe dos Observadores: A Aventura Cient\u00edfica de Fritz M\u00fcller em Rancho Queimado&#8221;.<\/span><\/p>\n<p><span style=\"font-weight: 400;\">Em um emocionante curta-metragem, crian\u00e7as s\u00e3o convidadas a conhecer o passado atrav\u00e9s de marionetes, vivenciando a expedi\u00e7\u00e3o de Fritz M\u00fcller em 1868 em Rancho Queimado, baseada em seu pr\u00f3prio relato. Este filme encantador valoriza a hist\u00f3ria local e revela os segredos da regi\u00e3o, desde caminhos pitorescos at\u00e9 a rica flora. Realizado com recursos da Lei Paulo Gustavo, o projeto idealizado pela arquiteta Carolina Nunes busca celebrar a contribui\u00e7\u00e3o de Fritz M\u00fcller \u00e0 ci\u00eancia e inspirar as crian\u00e7as a explorar o mundo da natureza e da pesquisa cient\u00edfica, tudo isso de maneira l\u00fadica e educativa. O projeto tem o apoio de Humanit\u00e4t, ACAPRENA,\u00a0 Consulado Honor\u00e1rio Brit\u00e2nico em Santa Catarina, Laborat\u00f3rio de \u00c1udio\/FURB e Clube Humboldt do Brasil.<\/span><\/p>\n<p><span style=\"font-weight: 400;\">O filme foi lan\u00e7ado em sess\u00e3o especial na Casa Herc\u00edlio Luz, im\u00f3vel tombado e equipamento cultural da Funda\u00e7\u00e3o Catarinense de Cultura. O projeto contou ainda com uma palestra gratuita para a popula\u00e7\u00e3o, intitulada: &#8220;Fritz M\u00fcller e os Caminhos para o Desenvolvimento Regional&#8221;. Durante a palestra, foram explorados os momentos marcantes da passagem do ilustre cientista por Rancho Queimado, destacando os trechos significativos de suas observa\u00e7\u00f5es cient\u00edficas, ambientais e culturais no munic\u00edpio. A apresenta\u00e7\u00e3o incluiu a vision\u00e1ria proposta de cria\u00e7\u00e3o do roteiro &#8220;Caminhos de Fritz M\u00fcller&#8221;, inspirada por estudos de caso na Alemanha. Nesse pa\u00eds, roteiros tur\u00edsticos voltados para valores ambientais e culturais desempenharam um papel crucial no impulsionamento do desenvolvimento econ\u00f4mico e na melhoria da qualidade de vida da popula\u00e7\u00e3o. As refer\u00eancias e propostas compartilhadas durante a palestra derivam da pesquisa aprofundada e da experi\u00eancia direta de Carolina na Alemanha, onde participou do Bundeskanzler Stipendium da Funda\u00e7\u00e3o Alexander von Humboldt, um programa patrocinado pela chancelaria alem\u00e3 destinado a jovens l\u00edderes mundiais. Os Caminhos de Fritz M\u00fcller em Santa Catarina s\u00e3o uma proposta e objeto de estudo da ACAPRENA e do Grupo Desterro Fritz M\u00fcller. Confira o conceito da proposta <a href=\"https:\/\/youtu.be\/ZQrI0RZfUYc\" target=\"_blank\" rel=\"noopener\"><strong>AQUI<\/strong><\/a>.<\/span><\/p>\n<p><img loading=\"lazy\" decoding=\"async\" class=\"alignnone wp-image-1275 size-large\" src=\"https:\/\/humanitat.com.br\/wp-content\/uploads\/2024\/04\/FritzMuller_Rancho_-7-bx-1024x768.jpg\" alt=\"Marionete de Fritz M\u00fcller est\u00e1 sentada em um tronco, segurando um l\u00e1pis e um caderno como se estivesse anotando. O tronco est\u00e1 sobre um gramado e a paisagem de fundo tem vegeta\u00e7\u00e3o.\" width=\"680\" height=\"510\" srcset=\"https:\/\/humanitat.com.br\/wp-content\/uploads\/2024\/04\/FritzMuller_Rancho_-7-bx-1024x768.jpg 1024w, https:\/\/humanitat.com.br\/wp-content\/uploads\/2024\/04\/FritzMuller_Rancho_-7-bx-320x240.jpg 320w, https:\/\/humanitat.com.br\/wp-content\/uploads\/2024\/04\/FritzMuller_Rancho_-7-bx-768x576.jpg 768w, https:\/\/humanitat.com.br\/wp-content\/uploads\/2024\/04\/FritzMuller_Rancho_-7-bx-1536x1152.jpg 1536w, https:\/\/humanitat.com.br\/wp-content\/uploads\/2024\/04\/FritzMuller_Rancho_-7-bx-540x405.jpg 540w, https:\/\/humanitat.com.br\/wp-content\/uploads\/2024\/04\/FritzMuller_Rancho_-7-bx.jpg 1920w\" sizes=\"auto, (max-width: 680px) 100vw, 680px\" \/><\/p>\n<p><span style=\"font-weight: 400;\">Sobre Fritz M\u00fcller:<\/span><br \/>\n<span style=\"font-weight: 400;\">Fritz M\u00fcller (1822-1897), naturalista teuto-brasileiro, nasceu na Alemanha e graduou-se em filosofia na Universidade de Berlim. Em 1852, mudou-se para o Brasil, tornando-se cidad\u00e3o brasileiro e residindo em Blumenau e Florian\u00f3polis. Pesquisou a fauna de invertebrados e a flora catarinense. Sua not\u00e1vel colabora\u00e7\u00e3o com Charles Darwin na teoria da evolu\u00e7\u00e3o \u00e9 evidenciada por mais de uma dezena de cita\u00e7\u00f5es na 6a edi\u00e7\u00e3o de &#8220;A Origem das Esp\u00e9cies&#8221; e cerca de noventa refer\u00eancias em obras de Darwin, que o denominou &#8220;Pr\u00edncipe dos Observadores&#8221; e com quem trocou mais de cem cartas. M\u00fcller tamb\u00e9m manteve uma vasta correspond\u00eancia com diversos cientistas do s\u00e9culo XIX e publicou mais de duzentos trabalhos sobre suas pesquisas catarinenses. Ele foi homenageado em vida com o t\u00edtulo de Doutor Honoris Causa pelas Universidades de Bonn e T\u00fcbingen (Alemanha), bem como, posteriormente, pela Universidade Federal de Santa Catarina e Universidade de Blumenau. Seu legado cient\u00edfico \u00e9 de import\u00e2ncia duradoura para a comunidade cient\u00edfica e o Brasil.<\/span><\/p>\n<p><span style=\"font-weight: 400;\">Equipe do Projeto:<\/span><br \/>\n<span style=\"font-weight: 400;\">Coordena\u00e7\u00e3o e Produ\u00e7\u00e3o Executiva: Carolina Viviane Nunes<\/span><br \/>\n<span style=\"font-weight: 400;\">Dire\u00e7\u00e3o: Alan Langdon<\/span><br \/>\n<span style=\"font-weight: 400;\">Roteiro: Alan Langdon, Carolina Viviane Nunes, Priscila Gilinski e Rafael Leandro\u00a0<\/span><br \/>\n<span style=\"font-weight: 400;\">Produ\u00e7\u00e3o Teatral: Cia Macadame (Priscila Gilinski e Rafael Leandro)<\/span><br \/>\n<span style=\"font-weight: 400;\">Trilha Sonora Original: Rafael Leandro<\/span><br \/>\n<span style=\"font-weight: 400;\">Libras e Audiodescri\u00e7\u00e3o: Priscila Paris Duarte<\/span><\/p>\n<p><span style=\"font-weight: 400;\">Confira fotos, bastidores e atividades do projeto no <\/span><span style=\"font-weight: 400;\">Facebook: <\/span><strong><a href=\"https:\/\/www.facebook.com\/fritz.rq\">https:\/\/www.facebook.com\/fritz.rq<\/a><\/strong><\/p>\n<p><strong>Na imprensa:<\/strong><br \/>\nNSC Total: <a href=\"https:\/\/www.nsctotal.com.br\/noticias\/naturalista-catarinense-que-ajudou-darwin-vira-marionete-em-divertido-curta-metragem\" target=\"_blank\" rel=\"noopener\"><strong>Naturalista catarinense que ajudou Darwin vira marionete em divertido curta-metragem<\/strong><\/a>, por Ana Carolina Metzger<br \/>\nND TV: <strong><a href=\"https:\/\/www.youtube.com\/watch?v=Ce4sw6JdFiA\" target=\"_blank\" rel=\"noopener\">Programa Ver Mais<\/a><\/strong>, com Vanessa Moltini<\/p>\n<p><img loading=\"lazy\" decoding=\"async\" class=\"size-large wp-image-1269\" src=\"https:\/\/humanitat.com.br\/wp-content\/uploads\/2024\/04\/LPG-RQ-23-Still-1-1024x763.jpg\" alt=\"\" width=\"680\" height=\"507\" srcset=\"https:\/\/humanitat.com.br\/wp-content\/uploads\/2024\/04\/LPG-RQ-23-Still-1-1024x763.jpg 1024w, https:\/\/humanitat.com.br\/wp-content\/uploads\/2024\/04\/LPG-RQ-23-Still-1-320x239.jpg 320w, https:\/\/humanitat.com.br\/wp-content\/uploads\/2024\/04\/LPG-RQ-23-Still-1-768x572.jpg 768w, https:\/\/humanitat.com.br\/wp-content\/uploads\/2024\/04\/LPG-RQ-23-Still-1-1536x1145.jpg 1536w, https:\/\/humanitat.com.br\/wp-content\/uploads\/2024\/04\/LPG-RQ-23-Still-1-540x402.jpg 540w, https:\/\/humanitat.com.br\/wp-content\/uploads\/2024\/04\/LPG-RQ-23-Still-1.jpg 1767w\" sizes=\"auto, (max-width: 680px) 100vw, 680px\" \/><\/p>\n<p><img loading=\"lazy\" decoding=\"async\" class=\"size-large wp-image-1270\" src=\"https:\/\/humanitat.com.br\/wp-content\/uploads\/2024\/04\/LPG-RQ-23-Still-2-1024x770.jpg\" alt=\"3 bonecos de marionetes est\u00e3o de costas, observando uma paisagem de arauc\u00e1rias. Um dos bonecos, representando Fritz M\u00fcller, observa com luneta.\" width=\"680\" height=\"511\" srcset=\"https:\/\/humanitat.com.br\/wp-content\/uploads\/2024\/04\/LPG-RQ-23-Still-2-1024x770.jpg 1024w, https:\/\/humanitat.com.br\/wp-content\/uploads\/2024\/04\/LPG-RQ-23-Still-2-320x241.jpg 320w, https:\/\/humanitat.com.br\/wp-content\/uploads\/2024\/04\/LPG-RQ-23-Still-2-768x578.jpg 768w, https:\/\/humanitat.com.br\/wp-content\/uploads\/2024\/04\/LPG-RQ-23-Still-2-1536x1155.jpg 1536w, https:\/\/humanitat.com.br\/wp-content\/uploads\/2024\/04\/LPG-RQ-23-Still-2-540x406.jpg 540w, https:\/\/humanitat.com.br\/wp-content\/uploads\/2024\/04\/LPG-RQ-23-Still-2.jpg 1915w\" sizes=\"auto, (max-width: 680px) 100vw, 680px\" \/><\/p>\n<p><img loading=\"lazy\" decoding=\"async\" class=\"size-large wp-image-1271\" src=\"https:\/\/humanitat.com.br\/wp-content\/uploads\/2024\/04\/LPG-RQ-23-Still-3-1024x769.jpg\" alt=\"\" width=\"680\" height=\"511\" srcset=\"https:\/\/humanitat.com.br\/wp-content\/uploads\/2024\/04\/LPG-RQ-23-Still-3-1024x769.jpg 1024w, https:\/\/humanitat.com.br\/wp-content\/uploads\/2024\/04\/LPG-RQ-23-Still-3-320x240.jpg 320w, https:\/\/humanitat.com.br\/wp-content\/uploads\/2024\/04\/LPG-RQ-23-Still-3-768x577.jpg 768w, https:\/\/humanitat.com.br\/wp-content\/uploads\/2024\/04\/LPG-RQ-23-Still-3-1536x1154.jpg 1536w, https:\/\/humanitat.com.br\/wp-content\/uploads\/2024\/04\/LPG-RQ-23-Still-3-540x406.jpg 540w, https:\/\/humanitat.com.br\/wp-content\/uploads\/2024\/04\/LPG-RQ-23-Still-3.jpg 1917w\" sizes=\"auto, (max-width: 680px) 100vw, 680px\" \/><\/p>","protected":false},"excerpt":{"rendered":"<p>&#8220;O Pr\u00edncipe dos Observadores: A Aventura Cient\u00edfica de Fritz M\u00fcller em Rancho Queimado&#8221; aborda a passagem do renomado naturalista pelo munic\u00edpio<\/p>\n","protected":false},"author":3,"featured_media":1276,"comment_status":"open","ping_status":"open","sticky":false,"template":"","format":"standard","meta":{"_jetpack_memberships_contains_paid_content":false,"footnotes":""},"categories":[1],"tags":[156,155,158],"class_list":["post-1234","post","type-post","status-publish","format-standard","has-post-thumbnail","hentry","category-artigos","tag-caminhos-de-fritz-muller","tag-fritz-muller","tag-fritz-mullers-routes"],"jetpack_featured_media_url":"https:\/\/humanitat.com.br\/wp-content\/uploads\/2024\/04\/Fotos-provisorias-Formato-4000x1600-2.jpg","jetpack_sharing_enabled":true,"jetpack_likes_enabled":true,"_links":{"self":[{"href":"https:\/\/humanitat.com.br\/pb\/wp-json\/wp\/v2\/posts\/1234","targetHints":{"allow":["GET"]}}],"collection":[{"href":"https:\/\/humanitat.com.br\/pb\/wp-json\/wp\/v2\/posts"}],"about":[{"href":"https:\/\/humanitat.com.br\/pb\/wp-json\/wp\/v2\/types\/post"}],"author":[{"embeddable":true,"href":"https:\/\/humanitat.com.br\/pb\/wp-json\/wp\/v2\/users\/3"}],"replies":[{"embeddable":true,"href":"https:\/\/humanitat.com.br\/pb\/wp-json\/wp\/v2\/comments?post=1234"}],"version-history":[{"count":29,"href":"https:\/\/humanitat.com.br\/pb\/wp-json\/wp\/v2\/posts\/1234\/revisions"}],"predecessor-version":[{"id":1278,"href":"https:\/\/humanitat.com.br\/pb\/wp-json\/wp\/v2\/posts\/1234\/revisions\/1278"}],"wp:featuredmedia":[{"embeddable":true,"href":"https:\/\/humanitat.com.br\/pb\/wp-json\/wp\/v2\/media\/1276"}],"wp:attachment":[{"href":"https:\/\/humanitat.com.br\/pb\/wp-json\/wp\/v2\/media?parent=1234"}],"wp:term":[{"taxonomy":"category","embeddable":true,"href":"https:\/\/humanitat.com.br\/pb\/wp-json\/wp\/v2\/categories?post=1234"},{"taxonomy":"post_tag","embeddable":true,"href":"https:\/\/humanitat.com.br\/pb\/wp-json\/wp\/v2\/tags?post=1234"}],"curies":[{"name":"wp","href":"https:\/\/api.w.org\/{rel}","templated":true}]}}