{"id":285,"date":"2017-10-20T10:53:11","date_gmt":"2017-10-20T12:53:11","guid":{"rendered":"http:\/\/humanitat.com.br\/?p=285"},"modified":"2020-01-21T14:12:28","modified_gmt":"2020-01-21T17:12:28","slug":"porto-water-innovation-week","status":"publish","type":"post","link":"https:\/\/humanitat.com.br\/pb\/porto-water-innovation-week\/","title":{"rendered":"Porto Water Innovation Week"},"content":{"rendered":"<p>Publicado por <strong><a href=\"http:\/\/iab-sc.org.br\/2017\/10\/arquiteta-carolina-nunes-participa-de-painel-na-porto-water-innovation-week-em-portugal\/\" target=\"_blank\" rel=\"noopener noreferrer\">IAB\/SC<\/a><\/strong>, Instituto dos Arquitetos do Brasil (SC).<\/p>\n<p><img loading=\"lazy\" decoding=\"async\" class=\"alignleft wp-image-293\" src=\"http:\/\/humanitat.com.br\/wp-content\/uploads\/2017\/10\/MG_0481-3-320x128.jpg\" alt=\"\" width=\"753\" height=\"301\" srcset=\"https:\/\/humanitat.com.br\/wp-content\/uploads\/2017\/10\/MG_0481-3-320x128.jpg 320w, https:\/\/humanitat.com.br\/wp-content\/uploads\/2017\/10\/MG_0481-3-768x307.jpg 768w, https:\/\/humanitat.com.br\/wp-content\/uploads\/2017\/10\/MG_0481-3-1024x410.jpg 1024w, https:\/\/humanitat.com.br\/wp-content\/uploads\/2017\/10\/MG_0481-3-540x216.jpg 540w\" sizes=\"auto, (max-width: 753px) 100vw, 753px\" \/><\/p>\n<p>Na \u00faltima semana de setembro, a Cidade do Porto, em Portugal, foi a Capital Europeia da \u00c1gua e da Inova\u00e7\u00e3o.<\/p>\n<p>A Porto Water Innovation Week 2017 promoveu tr\u00eas grandes eventos reunindo 1,5 mil pessoas, entre executivos e t\u00e9cnicos de entidades gestoras, l\u00edderes pol\u00edticos, entidades reguladoras, representantes da ind\u00fastria e da agricultura, investigadores, empresas de tecnologia, startups, PME e investidores.<\/p>\n<p>Um desses eventos, a European Innovation Partnership Water Conference 2017, teve como participante a arquiteta Carolina Nunes. Catarinense de Blumenau, Carolina foi convidada para participar do painel dos pa\u00edses de l\u00edngua portuguesa.<\/p>\n<p>O painel foi comandado por Alexandra Serra, presidente do Conselho de Administra\u00e7\u00e3o da Parceria Portuguesa para a \u00c1gua (PPA) que promove o di\u00e1logo, coopera\u00e7\u00e3o, inova\u00e7\u00e3o, oportunidades e experi\u00eancias, visando a internacionaliza\u00e7\u00e3o das empresas do setor, e contou com a presen\u00e7a de Manuel Alvarinho, Presidente do Conselho de Regula\u00e7\u00e3o Abastecimento de \u00c1gua de Mo\u00e7ambique e da engenheira ambiental Ang\u00e9lica Azevedo, do conglomerado energ\u00e9tico Galp.<\/p>\n<p>A EIP Water Conference reuniu vozes internacionais e l\u00edderes de opini\u00e3o mais influentes em mat\u00e9ria da \u00e1gua e da inova\u00e7\u00e3o. Carolina passa temporada em Munique, na Alemanha, como participante do programa German Chancellor Fellowship.<\/p>\n<p>Carolina tamb\u00e9m participou do Water Innovation Lab, laborat\u00f3rio que desenvolve futuros l\u00edderes da \u00e1gua. O WIL \u00e9 uma promo\u00e7\u00e3o da organiza\u00e7\u00e3o canadense Waterlution, tamb\u00e9m promotora do WIL Brasil, que ocorre dos dias 4 a 10 de novembro em S\u00e3o Paulo.<\/p>","protected":false},"excerpt":{"rendered":"<p>Arquiteta catarinense participa do Water Innovation Lab e do painel dos pa\u00edses de l\u00edngua portuguesa no European Innovation Partnership &#8211; Water, em Porto, Portugal.<\/p>\n","protected":false},"author":3,"featured_media":293,"comment_status":"open","ping_status":"open","sticky":false,"template":"","format":"standard","meta":{"_jetpack_memberships_contains_paid_content":false,"footnotes":""},"categories":[11,2],"tags":[],"class_list":["post-285","post","type-post","status-publish","format-standard","has-post-thumbnail","hentry","category-capa","category-noticias"],"jetpack_featured_media_url":"https:\/\/humanitat.com.br\/wp-content\/uploads\/2017\/10\/MG_0481-3.jpg","jetpack_sharing_enabled":true,"jetpack_likes_enabled":true,"_links":{"self":[{"href":"https:\/\/humanitat.com.br\/pb\/wp-json\/wp\/v2\/posts\/285","targetHints":{"allow":["GET"]}}],"collection":[{"href":"https:\/\/humanitat.com.br\/pb\/wp-json\/wp\/v2\/posts"}],"about":[{"href":"https:\/\/humanitat.com.br\/pb\/wp-json\/wp\/v2\/types\/post"}],"author":[{"embeddable":true,"href":"https:\/\/humanitat.com.br\/pb\/wp-json\/wp\/v2\/users\/3"}],"replies":[{"embeddable":true,"href":"https:\/\/humanitat.com.br\/pb\/wp-json\/wp\/v2\/comments?post=285"}],"version-history":[{"count":21,"href":"https:\/\/humanitat.com.br\/pb\/wp-json\/wp\/v2\/posts\/285\/revisions"}],"predecessor-version":[{"id":862,"href":"https:\/\/humanitat.com.br\/pb\/wp-json\/wp\/v2\/posts\/285\/revisions\/862"}],"wp:featuredmedia":[{"embeddable":true,"href":"https:\/\/humanitat.com.br\/pb\/wp-json\/wp\/v2\/media\/293"}],"wp:attachment":[{"href":"https:\/\/humanitat.com.br\/pb\/wp-json\/wp\/v2\/media?parent=285"}],"wp:term":[{"taxonomy":"category","embeddable":true,"href":"https:\/\/humanitat.com.br\/pb\/wp-json\/wp\/v2\/categories?post=285"},{"taxonomy":"post_tag","embeddable":true,"href":"https:\/\/humanitat.com.br\/pb\/wp-json\/wp\/v2\/tags?post=285"}],"curies":[{"name":"wp","href":"https:\/\/api.w.org\/{rel}","templated":true}]}}