{"id":61,"date":"2017-07-02T17:26:19","date_gmt":"2017-07-02T20:26:19","guid":{"rendered":"http:\/\/humanitat.com.br\/?p=61"},"modified":"2017-08-23T09:13:14","modified_gmt":"2017-08-23T12:13:14","slug":"uma-pesquisa-sobre-cidades-e-rio-na-alemanha","status":"publish","type":"post","link":"https:\/\/humanitat.com.br\/pb\/uma-pesquisa-sobre-cidades-e-rio-na-alemanha\/","title":{"rendered":"Saiba mais sobre a pesquisa de cidades e rios na Alemanha"},"content":{"rendered":"<p><span style=\"font-weight: 400;\">Nascida e criada em Blumenau, a arquiteta Carolina Viviane Nunes, 35 anos, cresceu numa cidade castigada pelas enchentes e enxurradas. Aprendeu que o Rio Itaja\u00ed-A\u00e7u e seus afluentes tem seus humores. A beleza que faz dele um dos cart\u00f5es postais do Vale do Itaja\u00ed pode dar lugar \u00e0 f\u00faria de suas \u00e1guas. O rio que trouxe o desenvolvimento para a regi\u00e3o tamb\u00e9m pode destruir.<\/span><\/p>\n<p><span style=\"font-weight: 400;\">As consequ\u00eancias catastr\u00f3ficas que se abateram sobre Blumenau poderiam ser minimizadas, se n\u00e3o evitadas, caso os rios fossem utilizados de modo mais racional e sustent\u00e1vel. \u00c9 preciso relacionar-se com o rio de outra maneira: n\u00e3o \u00e9 ele quem precisa se adaptar ao desenvolvimento e \u00e0s necessidades de nossa comunidade. N\u00f3s \u00e9 que precisamos integrar nosso mundo ao rio e \u00e0 natureza.<\/span><\/p>\n<p><span style=\"font-weight: 400;\">Para Carolina, o Planejamento Urbano \u00e9 uma forma poderosa de transforma\u00e7\u00e3o da sociedade, com a redefini\u00e7\u00e3o dos espa\u00e7os p\u00fablicos, que s\u00e3o os locais nobres para a democracia, para a participa\u00e7\u00e3o civil, para a conviv\u00eancia e a toler\u00e2ncia. Uma cidade contempor\u00e2nea deve planejar seu amanh\u00e3 a partir das suas maiores riquezas e patrim\u00f4nios, tornando-se especial.<\/span><\/p>\n<p><span style=\"font-weight: 400;\">E nossos rios s\u00e3o perfeitos fios condutores deste processo para o futuro. Foi pensando assim que Carolina embarcou para a Alemanha, onde vive desde julho do ano passado como pesquisadora do programa Bundeskanzler Stipendium.<\/span><\/p>\n<p><span style=\"font-weight: 400;\">Patrocinado pela chanceler alem\u00e3, Angela Merkel, o programa \u00e9 destinado a jovens l\u00edderes de Brasil, R\u00fassia, \u00cdndia, China e Estados Unidos, com o objetivo de construir pontes entre cada um desses pa\u00edses e a Alemanha. \u00c9 organizado pela Funda\u00e7\u00e3o Alexander von Humboldt, uma organiza\u00e7\u00e3o que conta com or\u00e7amento anual de 114 milh\u00f5es de euros e que j\u00e1 patrocinou 54 laureados com Nobel.<\/span><\/p>\n<p><span style=\"font-weight: 400;\">A Funda\u00e7\u00e3o seleciona perfis de excel\u00eancia, baseada na performance individual dos candidatos. Radicada hoje em Munique, Carolina conta que a ideia de seu projeto \u00e9 resgatar a rela\u00e7\u00e3o entre os rios e as cidades. \u201cBusco compreender a rela\u00e7\u00e3o entre o natural e o urbano, tendo o espa\u00e7o p\u00fablico como ponto de contato. Muitas cidades, como Blumenau, se desenvolveram ao longo dos rios. Por\u00e9m, ao longo do tempo, os rios se tornaram inimigos, o que \u00e9 desastroso em v\u00e1rios sentidos\u201d, explica.<\/span><\/p>\n<p><span style=\"font-weight: 400;\">Ela explica que, tendo em vista que o Brasil \u00e9 o pa\u00eds mais rico do mundo em biodiversidade e \u00e1gua doce, e em busca de pol\u00edticas sociais, trabalhar nessa quest\u00e3o \u00e9 miss\u00e3o imprescind\u00edvel e inadi\u00e1vel. \u201cMeu objetivo \u00e9 trazer um novo referencial de desenvolvimento urbano sustent\u00e1vel, baseado na experi\u00eancia alem\u00e3, e contribuir para a qualifica\u00e7\u00e3o das cidades brasileiras\u201d, destaca.<\/span><\/p>\n<p><span style=\"font-weight: 400;\">Como mentora, Carolina convidou a Professora Sophie Wolfrum, que \u00e9 respons\u00e1vel pela cadeira de Planejamento Urbano e Regional da Universidade T\u00e9cnica de Munique \u2013 a grande refer\u00eancia alem\u00e3 na \u00e1rea de Arquitetura e Urbanismo.<\/span><\/p>\n<p><span style=\"font-weight: 400;\">O desafio \u00e9 ultrapassar a barreira da teoria e traduzi-la em comportamento humano e a\u00e7\u00f5es pr\u00e1ticas. Desta forma, Carolina est\u00e1 saindo em campo, entrevistando especialistas, ouvindo as pessoas e vivenciando uma nova rela\u00e7\u00e3o urbana junto aos rios. Est\u00e1 registrando e escrevendo sobre as solu\u00e7\u00f5es alem\u00e3s e como estas foram financiadas e implementadas de forma democr\u00e1tica e participativa.<\/span><\/p>\n<p><span style=\"font-weight: 400;\">Na volta para o Brasil, o objetivo da arquiteta \u00e9 trazer diretrizes, adaptadas para a realidade local. Carolina aposta nas novas formas de comunica\u00e7\u00e3o participativa, nas m\u00eddias sociais e v\u00eddeos. Espera que suas publica\u00e7\u00f5es e apresenta\u00e7\u00f5es sejam utilizadas para embasar o poder p\u00fablico na tomada de decis\u00f5es, e para conscientizar a sociedade civil.<\/span><\/p>\n<p><span style=\"font-weight: 400;\">H\u00e1 tamb\u00e9m uma motiva\u00e7\u00e3o pessoal no seu esfor\u00e7o: atualizar a vis\u00e3o da Alemanha em Blumenau. \u201cPreciso mostrar a na\u00e7\u00e3o contempor\u00e2nea, e como o pa\u00eds planeja as suas cidades focado em qualidade de vida para as pessoas\u201d, afirma. Com esse objetivo, tem enviado a cada semana v\u00eddeos para a TV Legislativa de Blumenau.<\/span><\/p>\n<p><em><strong>Visitas com um guia especial<\/strong><\/em><\/p>\n<p><span style=\"font-weight: 400;\">Antes de fixar-se em Munique, a arquiteta estudou em Bonn por quase tr\u00eas meses. Aproveitando os longos dias do ver\u00e3o alem\u00e3o, visitou toda a regi\u00e3o de bicicleta. Ap\u00f3s \u00e0s aulas, era poss\u00edvel pedalar ao longo dos rios Reno, Sieg e Ahr, e aprender a rela\u00e7\u00e3o que as cidades locais mant\u00e9m com seus cursos d\u2019\u00e1gua.<\/span><\/p>\n<p><span style=\"font-weight: 400;\">Entre as cidades de Bonn e Berlim, ocorreu o Semin\u00e1rio Introdut\u00f3rio, de um m\u00eas. Carolina e o grupo de pesquisadores do Bundeskanzler Stipendium foram recepcionados em diversas institui\u00e7\u00f5es, como o Minist\u00e9rio de Coopera\u00e7\u00e3o e Desenvolvimento (BMZ), a Ag\u00eancia de Coopera\u00e7\u00e3o Internacional (GIZ), o Parlamento, a Ag\u00eancia de Educa\u00e7\u00e3o Pol\u00edtica (BpB), entre outras.<\/span><\/p>\n<p><span style=\"font-weight: 400;\">Em Munique, a agenda tem sido intensa. A pesquisadora tem participado das discuss\u00f5es no Departamento de \u00c1gua (WWA-M). No Minist\u00e9rio do Meio Ambiente da Baviera, entrevistou o respons\u00e1vel pelo departamento de \u00c1gua e Solo. E as visitas t\u00e9cnicas ao rio Isar tem sido guiadas pelo melhor guia: Walter Binder.<\/span><\/p>\n<p><span style=\"font-weight: 400;\">Hoje aposentado, Binder esteve \u00e0 frente dos projetos de renaturaliza\u00e7\u00e3o e \u00e9 refer\u00eancia mundial no assunto. Foi atrav\u00e9s do material dele que Carolina conheceu, ainda em 2004, o conceito da renaturaliza\u00e7\u00e3o, como forma de proteger cidades das enchentes, recuperar a ecologia e recuperar espa\u00e7os p\u00fablicos para o lazer.<\/span><\/p>","protected":false},"excerpt":{"rendered":"<p>Conhe\u00e7a o projeto Humanit\u00e4t<\/p>\n","protected":false},"author":3,"featured_media":89,"comment_status":"open","ping_status":"open","sticky":false,"template":"","format":"standard","meta":{"_jetpack_memberships_contains_paid_content":false,"footnotes":""},"categories":[11,2],"tags":[],"class_list":["post-61","post","type-post","status-publish","format-standard","has-post-thumbnail","hentry","category-capa","category-noticias"],"jetpack_featured_media_url":"https:\/\/humanitat.com.br\/wp-content\/uploads\/2017\/07\/34701117493_0cf156297d_o.jpg","jetpack_sharing_enabled":true,"jetpack_likes_enabled":true,"_links":{"self":[{"href":"https:\/\/humanitat.com.br\/pb\/wp-json\/wp\/v2\/posts\/61","targetHints":{"allow":["GET"]}}],"collection":[{"href":"https:\/\/humanitat.com.br\/pb\/wp-json\/wp\/v2\/posts"}],"about":[{"href":"https:\/\/humanitat.com.br\/pb\/wp-json\/wp\/v2\/types\/post"}],"author":[{"embeddable":true,"href":"https:\/\/humanitat.com.br\/pb\/wp-json\/wp\/v2\/users\/3"}],"replies":[{"embeddable":true,"href":"https:\/\/humanitat.com.br\/pb\/wp-json\/wp\/v2\/comments?post=61"}],"version-history":[{"count":6,"href":"https:\/\/humanitat.com.br\/pb\/wp-json\/wp\/v2\/posts\/61\/revisions"}],"predecessor-version":[{"id":200,"href":"https:\/\/humanitat.com.br\/pb\/wp-json\/wp\/v2\/posts\/61\/revisions\/200"}],"wp:featuredmedia":[{"embeddable":true,"href":"https:\/\/humanitat.com.br\/pb\/wp-json\/wp\/v2\/media\/89"}],"wp:attachment":[{"href":"https:\/\/humanitat.com.br\/pb\/wp-json\/wp\/v2\/media?parent=61"}],"wp:term":[{"taxonomy":"category","embeddable":true,"href":"https:\/\/humanitat.com.br\/pb\/wp-json\/wp\/v2\/categories?post=61"},{"taxonomy":"post_tag","embeddable":true,"href":"https:\/\/humanitat.com.br\/pb\/wp-json\/wp\/v2\/tags?post=61"}],"curies":[{"name":"wp","href":"https:\/\/api.w.org\/{rel}","templated":true}]}}